{"id":6411,"date":"2024-02-27T10:54:10","date_gmt":"2024-02-27T09:54:10","guid":{"rendered":"https:\/\/acreto.se\/2024\/02\/27\/erik-videgard-starts-collaboration-with-crock-pot\/"},"modified":"2024-08-29T10:02:50","modified_gmt":"2024-08-29T08:02:50","slug":"erik-videgard-starts-collaboration-with-crock-pot","status":"publish","type":"post","link":"https:\/\/acreto.se\/en\/2024\/02\/27\/erik-videgard-starts-collaboration-with-crock-pot\/","title":{"rendered":"Erik Videg\u00e5rd starts collaboration with Crock-Pot"},"content":{"rendered":"\n<figure class=\"wp-block-gallery has-nested-images columns-default is-cropped wp-block-gallery-1 is-layout-flex wp-block-gallery-is-layout-flex\">\n<figure class=\"wp-block-image size-full\"><img loading=\"lazy\" decoding=\"async\" width=\"2560\" height=\"1707\" data-id=\"6073\" src=\"https:\/\/acreto.se\/wp-content\/uploads\/2023\/11\/IMG_2689-copy-scaled.jpg\" alt=\"\" class=\"wp-image-6073\" srcset=\"https:\/\/acreto.se\/wp-content\/uploads\/2023\/11\/IMG_2689-copy-scaled.jpg 2560w, https:\/\/acreto.se\/wp-content\/uploads\/2023\/11\/IMG_2689-copy-300x200.jpg 300w, https:\/\/acreto.se\/wp-content\/uploads\/2023\/11\/IMG_2689-copy-1024x683.jpg 1024w, https:\/\/acreto.se\/wp-content\/uploads\/2023\/11\/IMG_2689-copy-768x512.jpg 768w, https:\/\/acreto.se\/wp-content\/uploads\/2023\/11\/IMG_2689-copy-1536x1024.jpg 1536w, https:\/\/acreto.se\/wp-content\/uploads\/2023\/11\/IMG_2689-copy-2048x1365.jpg 2048w, https:\/\/acreto.se\/wp-content\/uploads\/2023\/11\/IMG_2689-copy-680x453.jpg 680w\" sizes=\"auto, (max-width: 2560px) 100vw, 2560px\" \/><\/figure>\n<\/figure>\n\n<p><\/p>\n\n<p><em>Erik Videg\u00e5rd is one of Sweden&#8217;s most popular food profiles. He is not only a chef, sommelier, lecturer and cookbook author, but also a frequent guest on many TV programs where he inspires with his cooking. Now Erik is working closely with Crock-Pot, the renowned and market-leading brand in slow cooking and multicooking.<\/em><\/p>\n\n<p><strong>A man with many irons in the fire<br\/><\/strong>Erik Videg\u00e5rd is one of Sweden&#8217;s leading restaurateurs. He is behind many legendary Stockholm restaurants such as Videg\u00e5rd, East, Diana, Akvarium, Fj\u00e4derholmarnas krog and Halv trappa plus g\u00e5rd. Perhaps best known in gastronomy for introducing Asian cuisines to Sweden, Erik has a particular fondness for Sichuan food. He is also one of the founders of the Swedish Sommelier Association and has won the Swedish Championship for sommeliers and competed in both the European Championship and the World Championship.<br\/>Over the years, there have been no less than six cookbooks &#8211; the latest &#8220;Food &amp; Music&#8221; came out this spring and was written together with Erik&#8217;s namesake and friend Eric Gadd.<br\/>In addition to collaborations and guest appearances, Erik also develops concepts and technical solutions for kitchens, gives lectures and workshops and also does some of his own media production. Now the renowned chef has decided to enter into a deeper collaboration with Crock-Pot, the market-leading brand in slow cooking and multicooking.<\/p>\n\n<p><strong>Simplicity makes it impossible to fail!<br\/><\/strong><em>&#8220;I have extensive experience in slow cooking and often use the Crock-Pot in my kitchen. The best thing about Crock-Pot products is their simplicity! There is no way to fail, slow cooking always turns out well. And if you use a multicooker, you have everything in one. Perfect when you don&#8217;t have much space in the kitchen, it&#8217;s at least five machines in one&#8221;<\/em><\/p>\n\n<p><strong><em>&#8220;<\/em><\/strong><em>I&#8217;m a comfortable person and like to sit by myself when I&#8217;m hosting a dinner party. A slow cooker allows me to prepare the night before, then I just turn on the Crock-Pot in the morning and the food is ready when the guests arrive. The Crock-Pot is also a great tool to make your grocery budget last longer. Cheaper ingredients and cuts are more delicious and the pots are perfect for bulk cooking and lunch boxes&#8221;,  <\/em>says Erik.<\/p>\n\n<p><strong>Dream partnership for the distributor<\/strong><br\/><em>&#8220;Having Erik Videg\u00e5rd as an ambassador for our products is something we at Crock-Pot are of course both very happy and proud of. A dream collaboration, pure and simple! Especially since we know that Erik has been using our products for a long time, both in his own kitchen and on TV. We are very much looking forward to exciting and delicious recipes created by one of our great favorites in food inspiration and cooking&#8221;,  <\/em>Sofia Mari, Marketing Manager at Acreto, the distributor of Crock-Pot in the Nordic region.<\/p>\n\n<p>Erik Videg\u00e5rd will be showing his favorites, creating recipes, sharing videos and inspiration on crockpot.se and on social channels until Christmas. Read more on crockpot.se<\/p>\n\n<p><\/p>\n\n<figure class=\"wp-block-gallery has-nested-images columns-default is-cropped wp-block-gallery-2 is-layout-flex wp-block-gallery-is-layout-flex\">\n<figure class=\"wp-block-image size-full\"><img loading=\"lazy\" decoding=\"async\" width=\"1707\" height=\"2560\" data-id=\"6084\" src=\"https:\/\/acreto.se\/wp-content\/uploads\/2023\/11\/IMG_2828-copy-1-scaled.jpg\" alt=\"\" class=\"wp-image-6084\" srcset=\"https:\/\/acreto.se\/wp-content\/uploads\/2023\/11\/IMG_2828-copy-1-scaled.jpg 1707w, https:\/\/acreto.se\/wp-content\/uploads\/2023\/11\/IMG_2828-copy-1-200x300.jpg 200w, https:\/\/acreto.se\/wp-content\/uploads\/2023\/11\/IMG_2828-copy-1-683x1024.jpg 683w, https:\/\/acreto.se\/wp-content\/uploads\/2023\/11\/IMG_2828-copy-1-768x1152.jpg 768w, https:\/\/acreto.se\/wp-content\/uploads\/2023\/11\/IMG_2828-copy-1-1024x1536.jpg 1024w, https:\/\/acreto.se\/wp-content\/uploads\/2023\/11\/IMG_2828-copy-1-1365x2048.jpg 1365w, https:\/\/acreto.se\/wp-content\/uploads\/2023\/11\/IMG_2828-copy-1-680x1020.jpg 680w\" sizes=\"auto, (max-width: 1707px) 100vw, 1707px\" \/><\/figure>\n\n\n<div class=\"wp-block-image is-style-default\">\n<figure class=\"aligncenter size-full\"><img loading=\"lazy\" decoding=\"async\" width=\"2560\" height=\"1707\" data-id=\"6086\" src=\"https:\/\/acreto.se\/wp-content\/uploads\/2023\/11\/IMG_2886-copy-1-scaled.jpg\" alt=\"\" class=\"wp-image-6086\" srcset=\"https:\/\/acreto.se\/wp-content\/uploads\/2023\/11\/IMG_2886-copy-1-scaled.jpg 2560w, https:\/\/acreto.se\/wp-content\/uploads\/2023\/11\/IMG_2886-copy-1-300x200.jpg 300w, https:\/\/acreto.se\/wp-content\/uploads\/2023\/11\/IMG_2886-copy-1-1024x683.jpg 1024w, https:\/\/acreto.se\/wp-content\/uploads\/2023\/11\/IMG_2886-copy-1-768x512.jpg 768w, https:\/\/acreto.se\/wp-content\/uploads\/2023\/11\/IMG_2886-copy-1-1536x1024.jpg 1536w, https:\/\/acreto.se\/wp-content\/uploads\/2023\/11\/IMG_2886-copy-1-2048x1365.jpg 2048w, https:\/\/acreto.se\/wp-content\/uploads\/2023\/11\/IMG_2886-copy-1-680x453.jpg 680w\" sizes=\"auto, (max-width: 2560px) 100vw, 2560px\" \/><\/figure>\n<\/div><\/figure>\n\n<p><\/p>\n<div class=\"wp-block-image\">\n<figure class=\"aligncenter size-full\"><img loading=\"lazy\" decoding=\"async\" width=\"1707\" height=\"2560\" src=\"https:\/\/acreto.se\/wp-content\/uploads\/2023\/11\/IMG_3074-copy-1-scaled.jpg\" alt=\"\" class=\"wp-image-6082\" srcset=\"https:\/\/acreto.se\/wp-content\/uploads\/2023\/11\/IMG_3074-copy-1-scaled.jpg 1707w, https:\/\/acreto.se\/wp-content\/uploads\/2023\/11\/IMG_3074-copy-1-200x300.jpg 200w, https:\/\/acreto.se\/wp-content\/uploads\/2023\/11\/IMG_3074-copy-1-683x1024.jpg 683w, https:\/\/acreto.se\/wp-content\/uploads\/2023\/11\/IMG_3074-copy-1-768x1152.jpg 768w, https:\/\/acreto.se\/wp-content\/uploads\/2023\/11\/IMG_3074-copy-1-1024x1536.jpg 1024w, https:\/\/acreto.se\/wp-content\/uploads\/2023\/11\/IMG_3074-copy-1-1365x2048.jpg 1365w, https:\/\/acreto.se\/wp-content\/uploads\/2023\/11\/IMG_3074-copy-1-680x1020.jpg 680w\" sizes=\"auto, (max-width: 1707px) 100vw, 1707px\" \/><\/figure>\n<\/div>","protected":false},"excerpt":{"rendered":"<p>Erik Videg\u00e5rd is one of Sweden&#8217;s most popular food profiles. He is not only a chef, sommelier, lecturer and cookbook author, but also a frequent guest on many TV programs where he inspires with his cooking. Now Erik is working closely with Crock-Pot, the renowned and market-leading brand in slow cooking and multicooking. A man&#8230;<\/p>\n","protected":false},"author":38,"featured_media":6074,"comment_status":"closed","ping_status":"closed","sticky":false,"template":"","format":"standard","meta":{"om_disable_all_campaigns":false,"_monsterinsights_skip_tracking":false,"_monsterinsights_sitenote_active":false,"_monsterinsights_sitenote_note":"","_monsterinsights_sitenote_category":0,"footnotes":""},"categories":[38],"tags":[],"class_list":["post-6411","post","type-post","status-publish","format-standard","has-post-thumbnail","hentry","category-uncategorized"],"yoast_head":"<!-- This site is optimized with the Yoast SEO plugin v27.3 - https:\/\/yoast.com\/product\/yoast-seo-wordpress\/ -->\n<title>Erik Videg\u00e5rd starts collaboration with Crock-Pot - ACRETO | Varum\u00e4rkesbyggande distribut\u00f6r<\/title>\n<meta name=\"robots\" content=\"index, follow, max-snippet:-1, max-image-preview:large, max-video-preview:-1\" \/>\n<link rel=\"canonical\" href=\"https:\/\/acreto.se\/en\/2024\/02\/27\/erik-videgard-starts-collaboration-with-crock-pot\/\" \/>\n<meta property=\"og:locale\" content=\"en_US\" \/>\n<meta property=\"og:type\" content=\"article\" \/>\n<meta property=\"og:title\" content=\"Erik Videg\u00e5rd starts collaboration with Crock-Pot - ACRETO | Varum\u00e4rkesbyggande distribut\u00f6r\" \/>\n<meta property=\"og:description\" content=\"Erik Videg\u00e5rd is one of Sweden&#8217;s most popular food profiles. He is not only a chef, sommelier, lecturer and cookbook author, but also a frequent guest on many TV programs where he inspires with his cooking. Now Erik is working closely with Crock-Pot, the renowned and market-leading brand in slow cooking and multicooking. A man...\" \/>\n<meta property=\"og:url\" content=\"https:\/\/acreto.se\/en\/2024\/02\/27\/erik-videgard-starts-collaboration-with-crock-pot\/\" \/>\n<meta property=\"og:site_name\" content=\"ACRETO | Varum\u00e4rkesbyggande distribut\u00f6r\" \/>\n<meta property=\"article:published_time\" content=\"2024-02-27T09:54:10+00:00\" \/>\n<meta property=\"article:modified_time\" content=\"2024-08-29T08:02:50+00:00\" \/>\n<meta property=\"og:image\" content=\"https:\/\/acreto.se\/wp-content\/uploads\/2023\/11\/IMG_2689-copy-scaled.jpg\" \/>\n\t<meta property=\"og:image:width\" content=\"2560\" \/>\n\t<meta property=\"og:image:height\" content=\"1707\" \/>\n\t<meta property=\"og:image:type\" content=\"image\/jpeg\" \/>\n<meta name=\"author\" content=\"Melissa Sondell\" \/>\n<meta name=\"twitter:card\" content=\"summary_large_image\" \/>\n<meta name=\"twitter:label1\" content=\"Written by\" \/>\n\t<meta name=\"twitter:data1\" content=\"Melissa Sondell\" \/>\n\t<meta name=\"twitter:label2\" content=\"Est. reading time\" \/>\n\t<meta name=\"twitter:data2\" content=\"2 minutes\" \/>\n<script type=\"application\/ld+json\" class=\"yoast-schema-graph\">{\"@context\":\"https:\\\/\\\/schema.org\",\"@graph\":[{\"@type\":\"Article\",\"@id\":\"https:\\\/\\\/acreto.se\\\/en\\\/2024\\\/02\\\/27\\\/erik-videgard-starts-collaboration-with-crock-pot\\\/#article\",\"isPartOf\":{\"@id\":\"https:\\\/\\\/acreto.se\\\/en\\\/2024\\\/02\\\/27\\\/erik-videgard-starts-collaboration-with-crock-pot\\\/\"},\"author\":{\"name\":\"Melissa Sondell\",\"@id\":\"https:\\\/\\\/acreto.se\\\/en\\\/#\\\/schema\\\/person\\\/7526c22d37fe7431966826ceafdcb6b8\"},\"headline\":\"Erik Videg\u00e5rd starts collaboration with Crock-Pot\",\"datePublished\":\"2024-02-27T09:54:10+00:00\",\"dateModified\":\"2024-08-29T08:02:50+00:00\",\"mainEntityOfPage\":{\"@id\":\"https:\\\/\\\/acreto.se\\\/en\\\/2024\\\/02\\\/27\\\/erik-videgard-starts-collaboration-with-crock-pot\\\/\"},\"wordCount\":513,\"image\":{\"@id\":\"https:\\\/\\\/acreto.se\\\/en\\\/2024\\\/02\\\/27\\\/erik-videgard-starts-collaboration-with-crock-pot\\\/#primaryimage\"},\"thumbnailUrl\":\"https:\\\/\\\/acreto.se\\\/wp-content\\\/uploads\\\/2023\\\/11\\\/IMG_2689-copy-scaled.jpg\",\"inLanguage\":\"en-US\"},{\"@type\":\"WebPage\",\"@id\":\"https:\\\/\\\/acreto.se\\\/en\\\/2024\\\/02\\\/27\\\/erik-videgard-starts-collaboration-with-crock-pot\\\/\",\"url\":\"https:\\\/\\\/acreto.se\\\/en\\\/2024\\\/02\\\/27\\\/erik-videgard-starts-collaboration-with-crock-pot\\\/\",\"name\":\"Erik Videg\u00e5rd starts collaboration with Crock-Pot - ACRETO | Varum\u00e4rkesbyggande distribut\u00f6r\",\"isPartOf\":{\"@id\":\"https:\\\/\\\/acreto.se\\\/en\\\/#website\"},\"primaryImageOfPage\":{\"@id\":\"https:\\\/\\\/acreto.se\\\/en\\\/2024\\\/02\\\/27\\\/erik-videgard-starts-collaboration-with-crock-pot\\\/#primaryimage\"},\"image\":{\"@id\":\"https:\\\/\\\/acreto.se\\\/en\\\/2024\\\/02\\\/27\\\/erik-videgard-starts-collaboration-with-crock-pot\\\/#primaryimage\"},\"thumbnailUrl\":\"https:\\\/\\\/acreto.se\\\/wp-content\\\/uploads\\\/2023\\\/11\\\/IMG_2689-copy-scaled.jpg\",\"datePublished\":\"2024-02-27T09:54:10+00:00\",\"dateModified\":\"2024-08-29T08:02:50+00:00\",\"author\":{\"@id\":\"https:\\\/\\\/acreto.se\\\/en\\\/#\\\/schema\\\/person\\\/7526c22d37fe7431966826ceafdcb6b8\"},\"breadcrumb\":{\"@id\":\"https:\\\/\\\/acreto.se\\\/en\\\/2024\\\/02\\\/27\\\/erik-videgard-starts-collaboration-with-crock-pot\\\/#breadcrumb\"},\"inLanguage\":\"en-US\",\"potentialAction\":[{\"@type\":\"ReadAction\",\"target\":[\"https:\\\/\\\/acreto.se\\\/en\\\/2024\\\/02\\\/27\\\/erik-videgard-starts-collaboration-with-crock-pot\\\/\"]}]},{\"@type\":\"ImageObject\",\"inLanguage\":\"en-US\",\"@id\":\"https:\\\/\\\/acreto.se\\\/en\\\/2024\\\/02\\\/27\\\/erik-videgard-starts-collaboration-with-crock-pot\\\/#primaryimage\",\"url\":\"https:\\\/\\\/acreto.se\\\/wp-content\\\/uploads\\\/2023\\\/11\\\/IMG_2689-copy-scaled.jpg\",\"contentUrl\":\"https:\\\/\\\/acreto.se\\\/wp-content\\\/uploads\\\/2023\\\/11\\\/IMG_2689-copy-scaled.jpg\",\"width\":2560,\"height\":1707},{\"@type\":\"BreadcrumbList\",\"@id\":\"https:\\\/\\\/acreto.se\\\/en\\\/2024\\\/02\\\/27\\\/erik-videgard-starts-collaboration-with-crock-pot\\\/#breadcrumb\",\"itemListElement\":[{\"@type\":\"ListItem\",\"position\":1,\"name\":\"Home\",\"item\":\"https:\\\/\\\/acreto.se\\\/en\\\/\"},{\"@type\":\"ListItem\",\"position\":2,\"name\":\"Erik Videg\u00e5rd starts collaboration with Crock-Pot\"}]},{\"@type\":\"WebSite\",\"@id\":\"https:\\\/\\\/acreto.se\\\/en\\\/#website\",\"url\":\"https:\\\/\\\/acreto.se\\\/en\\\/\",\"name\":\"ACRETO | Varum\u00e4rkesbyggande distribut\u00f6r\",\"description\":\"\",\"potentialAction\":[{\"@type\":\"SearchAction\",\"target\":{\"@type\":\"EntryPoint\",\"urlTemplate\":\"https:\\\/\\\/acreto.se\\\/en\\\/?s={search_term_string}\"},\"query-input\":{\"@type\":\"PropertyValueSpecification\",\"valueRequired\":true,\"valueName\":\"search_term_string\"}}],\"inLanguage\":\"en-US\"},{\"@type\":\"Person\",\"@id\":\"https:\\\/\\\/acreto.se\\\/en\\\/#\\\/schema\\\/person\\\/7526c22d37fe7431966826ceafdcb6b8\",\"name\":\"Melissa Sondell\",\"url\":\"https:\\\/\\\/acreto.se\\\/en\\\/author\\\/9429ad94b9267677\\\/\"}]}<\/script>\n<!-- \/ Yoast SEO plugin. -->","yoast_head_json":{"title":"Erik Videg\u00e5rd starts collaboration with Crock-Pot - ACRETO | Varum\u00e4rkesbyggande distribut\u00f6r","robots":{"index":"index","follow":"follow","max-snippet":"max-snippet:-1","max-image-preview":"max-image-preview:large","max-video-preview":"max-video-preview:-1"},"canonical":"https:\/\/acreto.se\/en\/2024\/02\/27\/erik-videgard-starts-collaboration-with-crock-pot\/","og_locale":"en_US","og_type":"article","og_title":"Erik Videg\u00e5rd starts collaboration with Crock-Pot - ACRETO | Varum\u00e4rkesbyggande distribut\u00f6r","og_description":"Erik Videg\u00e5rd is one of Sweden&#8217;s most popular food profiles. He is not only a chef, sommelier, lecturer and cookbook author, but also a frequent guest on many TV programs where he inspires with his cooking. Now Erik is working closely with Crock-Pot, the renowned and market-leading brand in slow cooking and multicooking. A man...","og_url":"https:\/\/acreto.se\/en\/2024\/02\/27\/erik-videgard-starts-collaboration-with-crock-pot\/","og_site_name":"ACRETO | Varum\u00e4rkesbyggande distribut\u00f6r","article_published_time":"2024-02-27T09:54:10+00:00","article_modified_time":"2024-08-29T08:02:50+00:00","og_image":[{"width":2560,"height":1707,"url":"https:\/\/acreto.se\/wp-content\/uploads\/2023\/11\/IMG_2689-copy-scaled.jpg","type":"image\/jpeg"}],"author":"Melissa Sondell","twitter_card":"summary_large_image","twitter_misc":{"Written by":"Melissa Sondell","Est. reading time":"2 minutes"},"schema":{"@context":"https:\/\/schema.org","@graph":[{"@type":"Article","@id":"https:\/\/acreto.se\/en\/2024\/02\/27\/erik-videgard-starts-collaboration-with-crock-pot\/#article","isPartOf":{"@id":"https:\/\/acreto.se\/en\/2024\/02\/27\/erik-videgard-starts-collaboration-with-crock-pot\/"},"author":{"name":"Melissa Sondell","@id":"https:\/\/acreto.se\/en\/#\/schema\/person\/7526c22d37fe7431966826ceafdcb6b8"},"headline":"Erik Videg\u00e5rd starts collaboration with Crock-Pot","datePublished":"2024-02-27T09:54:10+00:00","dateModified":"2024-08-29T08:02:50+00:00","mainEntityOfPage":{"@id":"https:\/\/acreto.se\/en\/2024\/02\/27\/erik-videgard-starts-collaboration-with-crock-pot\/"},"wordCount":513,"image":{"@id":"https:\/\/acreto.se\/en\/2024\/02\/27\/erik-videgard-starts-collaboration-with-crock-pot\/#primaryimage"},"thumbnailUrl":"https:\/\/acreto.se\/wp-content\/uploads\/2023\/11\/IMG_2689-copy-scaled.jpg","inLanguage":"en-US"},{"@type":"WebPage","@id":"https:\/\/acreto.se\/en\/2024\/02\/27\/erik-videgard-starts-collaboration-with-crock-pot\/","url":"https:\/\/acreto.se\/en\/2024\/02\/27\/erik-videgard-starts-collaboration-with-crock-pot\/","name":"Erik Videg\u00e5rd starts collaboration with Crock-Pot - ACRETO | Varum\u00e4rkesbyggande distribut\u00f6r","isPartOf":{"@id":"https:\/\/acreto.se\/en\/#website"},"primaryImageOfPage":{"@id":"https:\/\/acreto.se\/en\/2024\/02\/27\/erik-videgard-starts-collaboration-with-crock-pot\/#primaryimage"},"image":{"@id":"https:\/\/acreto.se\/en\/2024\/02\/27\/erik-videgard-starts-collaboration-with-crock-pot\/#primaryimage"},"thumbnailUrl":"https:\/\/acreto.se\/wp-content\/uploads\/2023\/11\/IMG_2689-copy-scaled.jpg","datePublished":"2024-02-27T09:54:10+00:00","dateModified":"2024-08-29T08:02:50+00:00","author":{"@id":"https:\/\/acreto.se\/en\/#\/schema\/person\/7526c22d37fe7431966826ceafdcb6b8"},"breadcrumb":{"@id":"https:\/\/acreto.se\/en\/2024\/02\/27\/erik-videgard-starts-collaboration-with-crock-pot\/#breadcrumb"},"inLanguage":"en-US","potentialAction":[{"@type":"ReadAction","target":["https:\/\/acreto.se\/en\/2024\/02\/27\/erik-videgard-starts-collaboration-with-crock-pot\/"]}]},{"@type":"ImageObject","inLanguage":"en-US","@id":"https:\/\/acreto.se\/en\/2024\/02\/27\/erik-videgard-starts-collaboration-with-crock-pot\/#primaryimage","url":"https:\/\/acreto.se\/wp-content\/uploads\/2023\/11\/IMG_2689-copy-scaled.jpg","contentUrl":"https:\/\/acreto.se\/wp-content\/uploads\/2023\/11\/IMG_2689-copy-scaled.jpg","width":2560,"height":1707},{"@type":"BreadcrumbList","@id":"https:\/\/acreto.se\/en\/2024\/02\/27\/erik-videgard-starts-collaboration-with-crock-pot\/#breadcrumb","itemListElement":[{"@type":"ListItem","position":1,"name":"Home","item":"https:\/\/acreto.se\/en\/"},{"@type":"ListItem","position":2,"name":"Erik Videg\u00e5rd starts collaboration with Crock-Pot"}]},{"@type":"WebSite","@id":"https:\/\/acreto.se\/en\/#website","url":"https:\/\/acreto.se\/en\/","name":"ACRETO | Varum\u00e4rkesbyggande distribut\u00f6r","description":"","potentialAction":[{"@type":"SearchAction","target":{"@type":"EntryPoint","urlTemplate":"https:\/\/acreto.se\/en\/?s={search_term_string}"},"query-input":{"@type":"PropertyValueSpecification","valueRequired":true,"valueName":"search_term_string"}}],"inLanguage":"en-US"},{"@type":"Person","@id":"https:\/\/acreto.se\/en\/#\/schema\/person\/7526c22d37fe7431966826ceafdcb6b8","name":"Melissa Sondell","url":"https:\/\/acreto.se\/en\/author\/9429ad94b9267677\/"}]}},"_links":{"self":[{"href":"https:\/\/acreto.se\/en\/wp-json\/wp\/v2\/posts\/6411","targetHints":{"allow":["GET"]}}],"collection":[{"href":"https:\/\/acreto.se\/en\/wp-json\/wp\/v2\/posts"}],"about":[{"href":"https:\/\/acreto.se\/en\/wp-json\/wp\/v2\/types\/post"}],"author":[{"embeddable":true,"href":"https:\/\/acreto.se\/en\/wp-json\/wp\/v2\/users\/38"}],"replies":[{"embeddable":true,"href":"https:\/\/acreto.se\/en\/wp-json\/wp\/v2\/comments?post=6411"}],"version-history":[{"count":1,"href":"https:\/\/acreto.se\/en\/wp-json\/wp\/v2\/posts\/6411\/revisions"}],"predecessor-version":[{"id":6417,"href":"https:\/\/acreto.se\/en\/wp-json\/wp\/v2\/posts\/6411\/revisions\/6417"}],"wp:featuredmedia":[{"embeddable":true,"href":"https:\/\/acreto.se\/en\/wp-json\/wp\/v2\/media\/6074"}],"wp:attachment":[{"href":"https:\/\/acreto.se\/en\/wp-json\/wp\/v2\/media?parent=6411"}],"wp:term":[{"taxonomy":"category","embeddable":true,"href":"https:\/\/acreto.se\/en\/wp-json\/wp\/v2\/categories?post=6411"},{"taxonomy":"post_tag","embeddable":true,"href":"https:\/\/acreto.se\/en\/wp-json\/wp\/v2\/tags?post=6411"}],"curies":[{"name":"wp","href":"https:\/\/api.w.org\/{rel}","templated":true}]}}