{"id":6990,"date":"2024-09-24T08:30:39","date_gmt":"2024-09-24T06:30:39","guid":{"rendered":"https:\/\/acreto.se\/2024\/09\/24\/gekasdagarna-13-14-sep\/"},"modified":"2024-09-24T08:30:39","modified_gmt":"2024-09-24T06:30:39","slug":"gekasdagarna-13-14-sep","status":"publish","type":"post","link":"https:\/\/acreto.se\/en\/2024\/09\/24\/gekasdagarna-13-14-sep\/","title":{"rendered":"Gek\u00e5sdagarna 13-14 Sep"},"content":{"rendered":"\n<p>At Gek\u00e5sdagarna on September 13-14 you could meet happy Amanda at our Yankee Candle shelves.\nThank you all who came and bought scented candles these days.\nAdvent calendars have also started to creep into the shelves.\nPerfect advent gift for someone you like or if you want to try some different scents yourself.   <\/p>\n\n<figure class=\"wp-block-image size-large\"><img loading=\"lazy\" decoding=\"async\" width=\"1024\" height=\"1024\" src=\"https:\/\/acreto.se\/wp-content\/uploads\/2024\/09\/IMG_6537-1024x1024.jpg\" alt=\"\" class=\"wp-image-6987\" srcset=\"https:\/\/acreto.se\/wp-content\/uploads\/2024\/09\/IMG_6537-1024x1024.jpg 1024w, https:\/\/acreto.se\/wp-content\/uploads\/2024\/09\/IMG_6537-300x300.jpg 300w, https:\/\/acreto.se\/wp-content\/uploads\/2024\/09\/IMG_6537-150x150.jpg 150w, https:\/\/acreto.se\/wp-content\/uploads\/2024\/09\/IMG_6537-768x768.jpg 768w, https:\/\/acreto.se\/wp-content\/uploads\/2024\/09\/IMG_6537-1536x1536.jpg 1536w, https:\/\/acreto.se\/wp-content\/uploads\/2024\/09\/IMG_6537-2048x2048.jpg 2048w, https:\/\/acreto.se\/wp-content\/uploads\/2024\/09\/IMG_6537-680x680.jpg 680w\" sizes=\"auto, (max-width: 1024px) 100vw, 1024px\" \/><\/figure>\n","protected":false},"excerpt":{"rendered":"<p>At Gek\u00e5sdagarna on September 13-14 you could meet happy Amanda at our Yankee Candle shelves. Thank you all who came and bought scented candles these days. Advent calendars have also started to creep into the shelves. Perfect advent gift for someone you like or if you want to try some different scents yourself.<\/p>\n","protected":false},"author":38,"featured_media":6988,"comment_status":"closed","ping_status":"closed","sticky":false,"template":"","format":"standard","meta":{"om_disable_all_campaigns":false,"_monsterinsights_skip_tracking":false,"_monsterinsights_sitenote_active":false,"_monsterinsights_sitenote_note":"","_monsterinsights_sitenote_category":0,"footnotes":""},"categories":[38],"tags":[],"class_list":["post-6990","post","type-post","status-publish","format-standard","has-post-thumbnail","hentry","category-uncategorized"],"yoast_head":"<!-- This site is optimized with the Yoast SEO plugin v27.3 - https:\/\/yoast.com\/product\/yoast-seo-wordpress\/ -->\n<title>Gek\u00e5sdagarna 13-14 Sep - ACRETO | Varum\u00e4rkesbyggande distribut\u00f6r<\/title>\n<meta name=\"robots\" content=\"index, follow, max-snippet:-1, max-image-preview:large, max-video-preview:-1\" \/>\n<link rel=\"canonical\" href=\"https:\/\/acreto.se\/en\/2024\/09\/24\/gekasdagarna-13-14-sep\/\" \/>\n<meta property=\"og:locale\" content=\"en_US\" \/>\n<meta property=\"og:type\" content=\"article\" \/>\n<meta property=\"og:title\" content=\"Gek\u00e5sdagarna 13-14 Sep - ACRETO | Varum\u00e4rkesbyggande distribut\u00f6r\" \/>\n<meta property=\"og:description\" content=\"At Gek\u00e5sdagarna on September 13-14 you could meet happy Amanda at our Yankee Candle shelves. Thank you all who came and bought scented candles these days. Advent calendars have also started to creep into the shelves. Perfect advent gift for someone you like or if you want to try some different scents yourself.\" \/>\n<meta property=\"og:url\" content=\"https:\/\/acreto.se\/en\/2024\/09\/24\/gekasdagarna-13-14-sep\/\" \/>\n<meta property=\"og:site_name\" content=\"ACRETO | Varum\u00e4rkesbyggande distribut\u00f6r\" \/>\n<meta property=\"article:published_time\" content=\"2024-09-24T06:30:39+00:00\" \/>\n<meta property=\"og:image\" content=\"https:\/\/acreto.se\/wp-content\/uploads\/2024\/09\/IMG_6537-scaled.jpg\" \/>\n\t<meta property=\"og:image:width\" content=\"2560\" \/>\n\t<meta property=\"og:image:height\" content=\"2560\" \/>\n\t<meta property=\"og:image:type\" content=\"image\/jpeg\" \/>\n<meta name=\"author\" content=\"Melissa Sondell\" \/>\n<meta name=\"twitter:card\" content=\"summary_large_image\" \/>\n<meta name=\"twitter:label1\" content=\"Written by\" \/>\n\t<meta name=\"twitter:data1\" content=\"Melissa Sondell\" \/>\n<script type=\"application\/ld+json\" class=\"yoast-schema-graph\">{\"@context\":\"https:\\\/\\\/schema.org\",\"@graph\":[{\"@type\":\"Article\",\"@id\":\"https:\\\/\\\/acreto.se\\\/en\\\/2024\\\/09\\\/24\\\/gekasdagarna-13-14-sep\\\/#article\",\"isPartOf\":{\"@id\":\"https:\\\/\\\/acreto.se\\\/en\\\/2024\\\/09\\\/24\\\/gekasdagarna-13-14-sep\\\/\"},\"author\":{\"name\":\"Melissa Sondell\",\"@id\":\"https:\\\/\\\/acreto.se\\\/en\\\/#\\\/schema\\\/person\\\/7526c22d37fe7431966826ceafdcb6b8\"},\"headline\":\"Gek\u00e5sdagarna 13-14 Sep\",\"datePublished\":\"2024-09-24T06:30:39+00:00\",\"mainEntityOfPage\":{\"@id\":\"https:\\\/\\\/acreto.se\\\/en\\\/2024\\\/09\\\/24\\\/gekasdagarna-13-14-sep\\\/\"},\"wordCount\":58,\"image\":{\"@id\":\"https:\\\/\\\/acreto.se\\\/en\\\/2024\\\/09\\\/24\\\/gekasdagarna-13-14-sep\\\/#primaryimage\"},\"thumbnailUrl\":\"https:\\\/\\\/acreto.se\\\/wp-content\\\/uploads\\\/2024\\\/09\\\/IMG_6537-scaled.jpg\",\"inLanguage\":\"en-US\"},{\"@type\":\"WebPage\",\"@id\":\"https:\\\/\\\/acreto.se\\\/en\\\/2024\\\/09\\\/24\\\/gekasdagarna-13-14-sep\\\/\",\"url\":\"https:\\\/\\\/acreto.se\\\/en\\\/2024\\\/09\\\/24\\\/gekasdagarna-13-14-sep\\\/\",\"name\":\"Gek\u00e5sdagarna 13-14 Sep - ACRETO | Varum\u00e4rkesbyggande distribut\u00f6r\",\"isPartOf\":{\"@id\":\"https:\\\/\\\/acreto.se\\\/en\\\/#website\"},\"primaryImageOfPage\":{\"@id\":\"https:\\\/\\\/acreto.se\\\/en\\\/2024\\\/09\\\/24\\\/gekasdagarna-13-14-sep\\\/#primaryimage\"},\"image\":{\"@id\":\"https:\\\/\\\/acreto.se\\\/en\\\/2024\\\/09\\\/24\\\/gekasdagarna-13-14-sep\\\/#primaryimage\"},\"thumbnailUrl\":\"https:\\\/\\\/acreto.se\\\/wp-content\\\/uploads\\\/2024\\\/09\\\/IMG_6537-scaled.jpg\",\"datePublished\":\"2024-09-24T06:30:39+00:00\",\"author\":{\"@id\":\"https:\\\/\\\/acreto.se\\\/en\\\/#\\\/schema\\\/person\\\/7526c22d37fe7431966826ceafdcb6b8\"},\"breadcrumb\":{\"@id\":\"https:\\\/\\\/acreto.se\\\/en\\\/2024\\\/09\\\/24\\\/gekasdagarna-13-14-sep\\\/#breadcrumb\"},\"inLanguage\":\"en-US\",\"potentialAction\":[{\"@type\":\"ReadAction\",\"target\":[\"https:\\\/\\\/acreto.se\\\/en\\\/2024\\\/09\\\/24\\\/gekasdagarna-13-14-sep\\\/\"]}]},{\"@type\":\"ImageObject\",\"inLanguage\":\"en-US\",\"@id\":\"https:\\\/\\\/acreto.se\\\/en\\\/2024\\\/09\\\/24\\\/gekasdagarna-13-14-sep\\\/#primaryimage\",\"url\":\"https:\\\/\\\/acreto.se\\\/wp-content\\\/uploads\\\/2024\\\/09\\\/IMG_6537-scaled.jpg\",\"contentUrl\":\"https:\\\/\\\/acreto.se\\\/wp-content\\\/uploads\\\/2024\\\/09\\\/IMG_6537-scaled.jpg\",\"width\":2560,\"height\":2560},{\"@type\":\"BreadcrumbList\",\"@id\":\"https:\\\/\\\/acreto.se\\\/en\\\/2024\\\/09\\\/24\\\/gekasdagarna-13-14-sep\\\/#breadcrumb\",\"itemListElement\":[{\"@type\":\"ListItem\",\"position\":1,\"name\":\"Home\",\"item\":\"https:\\\/\\\/acreto.se\\\/en\\\/\"},{\"@type\":\"ListItem\",\"position\":2,\"name\":\"Gek\u00e5sdagarna 13-14 Sep\"}]},{\"@type\":\"WebSite\",\"@id\":\"https:\\\/\\\/acreto.se\\\/en\\\/#website\",\"url\":\"https:\\\/\\\/acreto.se\\\/en\\\/\",\"name\":\"ACRETO | Varum\u00e4rkesbyggande distribut\u00f6r\",\"description\":\"\",\"potentialAction\":[{\"@type\":\"SearchAction\",\"target\":{\"@type\":\"EntryPoint\",\"urlTemplate\":\"https:\\\/\\\/acreto.se\\\/en\\\/?s={search_term_string}\"},\"query-input\":{\"@type\":\"PropertyValueSpecification\",\"valueRequired\":true,\"valueName\":\"search_term_string\"}}],\"inLanguage\":\"en-US\"},{\"@type\":\"Person\",\"@id\":\"https:\\\/\\\/acreto.se\\\/en\\\/#\\\/schema\\\/person\\\/7526c22d37fe7431966826ceafdcb6b8\",\"name\":\"Melissa Sondell\",\"url\":\"https:\\\/\\\/acreto.se\\\/en\\\/author\\\/9429ad94b9267677\\\/\"}]}<\/script>\n<!-- \/ Yoast SEO plugin. -->","yoast_head_json":{"title":"Gek\u00e5sdagarna 13-14 Sep - ACRETO | Varum\u00e4rkesbyggande distribut\u00f6r","robots":{"index":"index","follow":"follow","max-snippet":"max-snippet:-1","max-image-preview":"max-image-preview:large","max-video-preview":"max-video-preview:-1"},"canonical":"https:\/\/acreto.se\/en\/2024\/09\/24\/gekasdagarna-13-14-sep\/","og_locale":"en_US","og_type":"article","og_title":"Gek\u00e5sdagarna 13-14 Sep - ACRETO | Varum\u00e4rkesbyggande distribut\u00f6r","og_description":"At Gek\u00e5sdagarna on September 13-14 you could meet happy Amanda at our Yankee Candle shelves. Thank you all who came and bought scented candles these days. Advent calendars have also started to creep into the shelves. Perfect advent gift for someone you like or if you want to try some different scents yourself.","og_url":"https:\/\/acreto.se\/en\/2024\/09\/24\/gekasdagarna-13-14-sep\/","og_site_name":"ACRETO | Varum\u00e4rkesbyggande distribut\u00f6r","article_published_time":"2024-09-24T06:30:39+00:00","og_image":[{"width":2560,"height":2560,"url":"https:\/\/acreto.se\/wp-content\/uploads\/2024\/09\/IMG_6537-scaled.jpg","type":"image\/jpeg"}],"author":"Melissa Sondell","twitter_card":"summary_large_image","twitter_misc":{"Written by":"Melissa Sondell"},"schema":{"@context":"https:\/\/schema.org","@graph":[{"@type":"Article","@id":"https:\/\/acreto.se\/en\/2024\/09\/24\/gekasdagarna-13-14-sep\/#article","isPartOf":{"@id":"https:\/\/acreto.se\/en\/2024\/09\/24\/gekasdagarna-13-14-sep\/"},"author":{"name":"Melissa Sondell","@id":"https:\/\/acreto.se\/en\/#\/schema\/person\/7526c22d37fe7431966826ceafdcb6b8"},"headline":"Gek\u00e5sdagarna 13-14 Sep","datePublished":"2024-09-24T06:30:39+00:00","mainEntityOfPage":{"@id":"https:\/\/acreto.se\/en\/2024\/09\/24\/gekasdagarna-13-14-sep\/"},"wordCount":58,"image":{"@id":"https:\/\/acreto.se\/en\/2024\/09\/24\/gekasdagarna-13-14-sep\/#primaryimage"},"thumbnailUrl":"https:\/\/acreto.se\/wp-content\/uploads\/2024\/09\/IMG_6537-scaled.jpg","inLanguage":"en-US"},{"@type":"WebPage","@id":"https:\/\/acreto.se\/en\/2024\/09\/24\/gekasdagarna-13-14-sep\/","url":"https:\/\/acreto.se\/en\/2024\/09\/24\/gekasdagarna-13-14-sep\/","name":"Gek\u00e5sdagarna 13-14 Sep - ACRETO | Varum\u00e4rkesbyggande distribut\u00f6r","isPartOf":{"@id":"https:\/\/acreto.se\/en\/#website"},"primaryImageOfPage":{"@id":"https:\/\/acreto.se\/en\/2024\/09\/24\/gekasdagarna-13-14-sep\/#primaryimage"},"image":{"@id":"https:\/\/acreto.se\/en\/2024\/09\/24\/gekasdagarna-13-14-sep\/#primaryimage"},"thumbnailUrl":"https:\/\/acreto.se\/wp-content\/uploads\/2024\/09\/IMG_6537-scaled.jpg","datePublished":"2024-09-24T06:30:39+00:00","author":{"@id":"https:\/\/acreto.se\/en\/#\/schema\/person\/7526c22d37fe7431966826ceafdcb6b8"},"breadcrumb":{"@id":"https:\/\/acreto.se\/en\/2024\/09\/24\/gekasdagarna-13-14-sep\/#breadcrumb"},"inLanguage":"en-US","potentialAction":[{"@type":"ReadAction","target":["https:\/\/acreto.se\/en\/2024\/09\/24\/gekasdagarna-13-14-sep\/"]}]},{"@type":"ImageObject","inLanguage":"en-US","@id":"https:\/\/acreto.se\/en\/2024\/09\/24\/gekasdagarna-13-14-sep\/#primaryimage","url":"https:\/\/acreto.se\/wp-content\/uploads\/2024\/09\/IMG_6537-scaled.jpg","contentUrl":"https:\/\/acreto.se\/wp-content\/uploads\/2024\/09\/IMG_6537-scaled.jpg","width":2560,"height":2560},{"@type":"BreadcrumbList","@id":"https:\/\/acreto.se\/en\/2024\/09\/24\/gekasdagarna-13-14-sep\/#breadcrumb","itemListElement":[{"@type":"ListItem","position":1,"name":"Home","item":"https:\/\/acreto.se\/en\/"},{"@type":"ListItem","position":2,"name":"Gek\u00e5sdagarna 13-14 Sep"}]},{"@type":"WebSite","@id":"https:\/\/acreto.se\/en\/#website","url":"https:\/\/acreto.se\/en\/","name":"ACRETO | Varum\u00e4rkesbyggande distribut\u00f6r","description":"","potentialAction":[{"@type":"SearchAction","target":{"@type":"EntryPoint","urlTemplate":"https:\/\/acreto.se\/en\/?s={search_term_string}"},"query-input":{"@type":"PropertyValueSpecification","valueRequired":true,"valueName":"search_term_string"}}],"inLanguage":"en-US"},{"@type":"Person","@id":"https:\/\/acreto.se\/en\/#\/schema\/person\/7526c22d37fe7431966826ceafdcb6b8","name":"Melissa Sondell","url":"https:\/\/acreto.se\/en\/author\/9429ad94b9267677\/"}]}},"_links":{"self":[{"href":"https:\/\/acreto.se\/en\/wp-json\/wp\/v2\/posts\/6990","targetHints":{"allow":["GET"]}}],"collection":[{"href":"https:\/\/acreto.se\/en\/wp-json\/wp\/v2\/posts"}],"about":[{"href":"https:\/\/acreto.se\/en\/wp-json\/wp\/v2\/types\/post"}],"author":[{"embeddable":true,"href":"https:\/\/acreto.se\/en\/wp-json\/wp\/v2\/users\/38"}],"replies":[{"embeddable":true,"href":"https:\/\/acreto.se\/en\/wp-json\/wp\/v2\/comments?post=6990"}],"version-history":[{"count":0,"href":"https:\/\/acreto.se\/en\/wp-json\/wp\/v2\/posts\/6990\/revisions"}],"wp:featuredmedia":[{"embeddable":true,"href":"https:\/\/acreto.se\/en\/wp-json\/wp\/v2\/media\/6988"}],"wp:attachment":[{"href":"https:\/\/acreto.se\/en\/wp-json\/wp\/v2\/media?parent=6990"}],"wp:term":[{"taxonomy":"category","embeddable":true,"href":"https:\/\/acreto.se\/en\/wp-json\/wp\/v2\/categories?post=6990"},{"taxonomy":"post_tag","embeddable":true,"href":"https:\/\/acreto.se\/en\/wp-json\/wp\/v2\/tags?post=6990"}],"curies":[{"name":"wp","href":"https:\/\/api.w.org\/{rel}","templated":true}]}}