{"id":7203,"date":"2025-02-04T09:37:28","date_gmt":"2025-02-04T08:37:28","guid":{"rendered":"https:\/\/acreto.se\/2025\/02\/04\/internet-in-focus-fair-in-malmo\/"},"modified":"2025-02-04T09:37:29","modified_gmt":"2025-02-04T08:37:29","slug":"internet-in-focus-fair-in-malmo","status":"publish","type":"post","link":"https:\/\/acreto.se\/en\/2025\/02\/04\/internet-in-focus-fair-in-malmo\/","title":{"rendered":"Internet in focus fair in Malm\u00f6"},"content":{"rendered":"\n<p>Melissa from our marketing department has been invited to be an expert on Social Media at the Internet in Focus fair in Malm\u00f6 on May 7, 2025.  <\/p>\n\n<figure class=\"wp-block-image size-large\"><img loading=\"lazy\" decoding=\"async\" width=\"907\" height=\"1024\" src=\"https:\/\/acreto.se\/wp-content\/uploads\/2025\/02\/Skarmbild-2025-02-03-152709-907x1024.jpg\" alt=\"\" class=\"wp-image-7196\" srcset=\"https:\/\/acreto.se\/wp-content\/uploads\/2025\/02\/Skarmbild-2025-02-03-152709-907x1024.jpg 907w, https:\/\/acreto.se\/wp-content\/uploads\/2025\/02\/Skarmbild-2025-02-03-152709-266x300.jpg 266w, https:\/\/acreto.se\/wp-content\/uploads\/2025\/02\/Skarmbild-2025-02-03-152709-768x867.jpg 768w, https:\/\/acreto.se\/wp-content\/uploads\/2025\/02\/Skarmbild-2025-02-03-152709-680x768.jpg 680w, https:\/\/acreto.se\/wp-content\/uploads\/2025\/02\/Skarmbild-2025-02-03-152709.jpg 1020w\" sizes=\"auto, (max-width: 907px) 100vw, 907px\" \/><\/figure>\n","protected":false},"excerpt":{"rendered":"<p>Melissa from our marketing department has been invited to be an expert on Social Media at the Internet in Focus fair in Malm\u00f6 on May 7, 2025.<\/p>\n","protected":false},"author":38,"featured_media":7199,"comment_status":"closed","ping_status":"closed","sticky":false,"template":"","format":"standard","meta":{"om_disable_all_campaigns":false,"_monsterinsights_skip_tracking":false,"_monsterinsights_sitenote_active":false,"_monsterinsights_sitenote_note":"","_monsterinsights_sitenote_category":0,"footnotes":""},"categories":[38],"tags":[],"class_list":["post-7203","post","type-post","status-publish","format-standard","has-post-thumbnail","hentry","category-uncategorized"],"yoast_head":"<!-- This site is optimized with the Yoast SEO plugin v27.3 - https:\/\/yoast.com\/product\/yoast-seo-wordpress\/ -->\n<title>Internet in focus fair in Malm\u00f6 - ACRETO | Varum\u00e4rkesbyggande distribut\u00f6r<\/title>\n<meta name=\"robots\" content=\"index, follow, max-snippet:-1, max-image-preview:large, max-video-preview:-1\" \/>\n<link rel=\"canonical\" href=\"https:\/\/acreto.se\/en\/2025\/02\/04\/internet-in-focus-fair-in-malmo\/\" \/>\n<meta property=\"og:locale\" content=\"en_US\" \/>\n<meta property=\"og:type\" content=\"article\" \/>\n<meta property=\"og:title\" content=\"Internet in focus fair in Malm\u00f6 - ACRETO | Varum\u00e4rkesbyggande distribut\u00f6r\" \/>\n<meta property=\"og:description\" content=\"Melissa from our marketing department has been invited to be an expert on Social Media at the Internet in Focus fair in Malm\u00f6 on May 7, 2025.\" \/>\n<meta property=\"og:url\" content=\"https:\/\/acreto.se\/en\/2025\/02\/04\/internet-in-focus-fair-in-malmo\/\" \/>\n<meta property=\"og:site_name\" content=\"ACRETO | Varum\u00e4rkesbyggande distribut\u00f6r\" \/>\n<meta property=\"article:published_time\" content=\"2025-02-04T08:37:28+00:00\" \/>\n<meta property=\"article:modified_time\" content=\"2025-02-04T08:37:29+00:00\" \/>\n<meta property=\"og:image\" content=\"https:\/\/acreto.se\/wp-content\/uploads\/2025\/02\/thumbnail_Image.jpg\" \/>\n\t<meta property=\"og:image:width\" content=\"1170\" \/>\n\t<meta property=\"og:image:height\" content=\"1192\" \/>\n\t<meta property=\"og:image:type\" content=\"image\/jpeg\" \/>\n<meta name=\"author\" content=\"Melissa Sondell\" \/>\n<meta name=\"twitter:card\" content=\"summary_large_image\" \/>\n<meta name=\"twitter:label1\" content=\"Written by\" \/>\n\t<meta name=\"twitter:data1\" content=\"Melissa Sondell\" \/>\n<script type=\"application\/ld+json\" class=\"yoast-schema-graph\">{\"@context\":\"https:\\\/\\\/schema.org\",\"@graph\":[{\"@type\":\"Article\",\"@id\":\"https:\\\/\\\/acreto.se\\\/en\\\/2025\\\/02\\\/04\\\/internet-in-focus-fair-in-malmo\\\/#article\",\"isPartOf\":{\"@id\":\"https:\\\/\\\/acreto.se\\\/en\\\/2025\\\/02\\\/04\\\/internet-in-focus-fair-in-malmo\\\/\"},\"author\":{\"name\":\"Melissa Sondell\",\"@id\":\"https:\\\/\\\/acreto.se\\\/en\\\/#\\\/schema\\\/person\\\/7526c22d37fe7431966826ceafdcb6b8\"},\"headline\":\"Internet in focus fair in Malm\u00f6\",\"datePublished\":\"2025-02-04T08:37:28+00:00\",\"dateModified\":\"2025-02-04T08:37:29+00:00\",\"mainEntityOfPage\":{\"@id\":\"https:\\\/\\\/acreto.se\\\/en\\\/2025\\\/02\\\/04\\\/internet-in-focus-fair-in-malmo\\\/\"},\"wordCount\":31,\"image\":{\"@id\":\"https:\\\/\\\/acreto.se\\\/en\\\/2025\\\/02\\\/04\\\/internet-in-focus-fair-in-malmo\\\/#primaryimage\"},\"thumbnailUrl\":\"https:\\\/\\\/acreto.se\\\/wp-content\\\/uploads\\\/2025\\\/02\\\/thumbnail_Image.jpg\",\"inLanguage\":\"en-US\"},{\"@type\":\"WebPage\",\"@id\":\"https:\\\/\\\/acreto.se\\\/en\\\/2025\\\/02\\\/04\\\/internet-in-focus-fair-in-malmo\\\/\",\"url\":\"https:\\\/\\\/acreto.se\\\/en\\\/2025\\\/02\\\/04\\\/internet-in-focus-fair-in-malmo\\\/\",\"name\":\"Internet in focus fair in Malm\u00f6 - ACRETO | Varum\u00e4rkesbyggande distribut\u00f6r\",\"isPartOf\":{\"@id\":\"https:\\\/\\\/acreto.se\\\/en\\\/#website\"},\"primaryImageOfPage\":{\"@id\":\"https:\\\/\\\/acreto.se\\\/en\\\/2025\\\/02\\\/04\\\/internet-in-focus-fair-in-malmo\\\/#primaryimage\"},\"image\":{\"@id\":\"https:\\\/\\\/acreto.se\\\/en\\\/2025\\\/02\\\/04\\\/internet-in-focus-fair-in-malmo\\\/#primaryimage\"},\"thumbnailUrl\":\"https:\\\/\\\/acreto.se\\\/wp-content\\\/uploads\\\/2025\\\/02\\\/thumbnail_Image.jpg\",\"datePublished\":\"2025-02-04T08:37:28+00:00\",\"dateModified\":\"2025-02-04T08:37:29+00:00\",\"author\":{\"@id\":\"https:\\\/\\\/acreto.se\\\/en\\\/#\\\/schema\\\/person\\\/7526c22d37fe7431966826ceafdcb6b8\"},\"breadcrumb\":{\"@id\":\"https:\\\/\\\/acreto.se\\\/en\\\/2025\\\/02\\\/04\\\/internet-in-focus-fair-in-malmo\\\/#breadcrumb\"},\"inLanguage\":\"en-US\",\"potentialAction\":[{\"@type\":\"ReadAction\",\"target\":[\"https:\\\/\\\/acreto.se\\\/en\\\/2025\\\/02\\\/04\\\/internet-in-focus-fair-in-malmo\\\/\"]}]},{\"@type\":\"ImageObject\",\"inLanguage\":\"en-US\",\"@id\":\"https:\\\/\\\/acreto.se\\\/en\\\/2025\\\/02\\\/04\\\/internet-in-focus-fair-in-malmo\\\/#primaryimage\",\"url\":\"https:\\\/\\\/acreto.se\\\/wp-content\\\/uploads\\\/2025\\\/02\\\/thumbnail_Image.jpg\",\"contentUrl\":\"https:\\\/\\\/acreto.se\\\/wp-content\\\/uploads\\\/2025\\\/02\\\/thumbnail_Image.jpg\",\"width\":1170,\"height\":1192},{\"@type\":\"BreadcrumbList\",\"@id\":\"https:\\\/\\\/acreto.se\\\/en\\\/2025\\\/02\\\/04\\\/internet-in-focus-fair-in-malmo\\\/#breadcrumb\",\"itemListElement\":[{\"@type\":\"ListItem\",\"position\":1,\"name\":\"Home\",\"item\":\"https:\\\/\\\/acreto.se\\\/en\\\/\"},{\"@type\":\"ListItem\",\"position\":2,\"name\":\"Internet in focus fair in Malm\u00f6\"}]},{\"@type\":\"WebSite\",\"@id\":\"https:\\\/\\\/acreto.se\\\/en\\\/#website\",\"url\":\"https:\\\/\\\/acreto.se\\\/en\\\/\",\"name\":\"ACRETO | Varum\u00e4rkesbyggande distribut\u00f6r\",\"description\":\"\",\"potentialAction\":[{\"@type\":\"SearchAction\",\"target\":{\"@type\":\"EntryPoint\",\"urlTemplate\":\"https:\\\/\\\/acreto.se\\\/en\\\/?s={search_term_string}\"},\"query-input\":{\"@type\":\"PropertyValueSpecification\",\"valueRequired\":true,\"valueName\":\"search_term_string\"}}],\"inLanguage\":\"en-US\"},{\"@type\":\"Person\",\"@id\":\"https:\\\/\\\/acreto.se\\\/en\\\/#\\\/schema\\\/person\\\/7526c22d37fe7431966826ceafdcb6b8\",\"name\":\"Melissa Sondell\",\"url\":\"https:\\\/\\\/acreto.se\\\/en\\\/author\\\/9429ad94b9267677\\\/\"}]}<\/script>\n<!-- \/ Yoast SEO plugin. -->","yoast_head_json":{"title":"Internet in focus fair in Malm\u00f6 - ACRETO | Varum\u00e4rkesbyggande distribut\u00f6r","robots":{"index":"index","follow":"follow","max-snippet":"max-snippet:-1","max-image-preview":"max-image-preview:large","max-video-preview":"max-video-preview:-1"},"canonical":"https:\/\/acreto.se\/en\/2025\/02\/04\/internet-in-focus-fair-in-malmo\/","og_locale":"en_US","og_type":"article","og_title":"Internet in focus fair in Malm\u00f6 - ACRETO | Varum\u00e4rkesbyggande distribut\u00f6r","og_description":"Melissa from our marketing department has been invited to be an expert on Social Media at the Internet in Focus fair in Malm\u00f6 on May 7, 2025.","og_url":"https:\/\/acreto.se\/en\/2025\/02\/04\/internet-in-focus-fair-in-malmo\/","og_site_name":"ACRETO | Varum\u00e4rkesbyggande distribut\u00f6r","article_published_time":"2025-02-04T08:37:28+00:00","article_modified_time":"2025-02-04T08:37:29+00:00","og_image":[{"width":1170,"height":1192,"url":"https:\/\/acreto.se\/wp-content\/uploads\/2025\/02\/thumbnail_Image.jpg","type":"image\/jpeg"}],"author":"Melissa Sondell","twitter_card":"summary_large_image","twitter_misc":{"Written by":"Melissa Sondell"},"schema":{"@context":"https:\/\/schema.org","@graph":[{"@type":"Article","@id":"https:\/\/acreto.se\/en\/2025\/02\/04\/internet-in-focus-fair-in-malmo\/#article","isPartOf":{"@id":"https:\/\/acreto.se\/en\/2025\/02\/04\/internet-in-focus-fair-in-malmo\/"},"author":{"name":"Melissa Sondell","@id":"https:\/\/acreto.se\/en\/#\/schema\/person\/7526c22d37fe7431966826ceafdcb6b8"},"headline":"Internet in focus fair in Malm\u00f6","datePublished":"2025-02-04T08:37:28+00:00","dateModified":"2025-02-04T08:37:29+00:00","mainEntityOfPage":{"@id":"https:\/\/acreto.se\/en\/2025\/02\/04\/internet-in-focus-fair-in-malmo\/"},"wordCount":31,"image":{"@id":"https:\/\/acreto.se\/en\/2025\/02\/04\/internet-in-focus-fair-in-malmo\/#primaryimage"},"thumbnailUrl":"https:\/\/acreto.se\/wp-content\/uploads\/2025\/02\/thumbnail_Image.jpg","inLanguage":"en-US"},{"@type":"WebPage","@id":"https:\/\/acreto.se\/en\/2025\/02\/04\/internet-in-focus-fair-in-malmo\/","url":"https:\/\/acreto.se\/en\/2025\/02\/04\/internet-in-focus-fair-in-malmo\/","name":"Internet in focus fair in Malm\u00f6 - ACRETO | Varum\u00e4rkesbyggande distribut\u00f6r","isPartOf":{"@id":"https:\/\/acreto.se\/en\/#website"},"primaryImageOfPage":{"@id":"https:\/\/acreto.se\/en\/2025\/02\/04\/internet-in-focus-fair-in-malmo\/#primaryimage"},"image":{"@id":"https:\/\/acreto.se\/en\/2025\/02\/04\/internet-in-focus-fair-in-malmo\/#primaryimage"},"thumbnailUrl":"https:\/\/acreto.se\/wp-content\/uploads\/2025\/02\/thumbnail_Image.jpg","datePublished":"2025-02-04T08:37:28+00:00","dateModified":"2025-02-04T08:37:29+00:00","author":{"@id":"https:\/\/acreto.se\/en\/#\/schema\/person\/7526c22d37fe7431966826ceafdcb6b8"},"breadcrumb":{"@id":"https:\/\/acreto.se\/en\/2025\/02\/04\/internet-in-focus-fair-in-malmo\/#breadcrumb"},"inLanguage":"en-US","potentialAction":[{"@type":"ReadAction","target":["https:\/\/acreto.se\/en\/2025\/02\/04\/internet-in-focus-fair-in-malmo\/"]}]},{"@type":"ImageObject","inLanguage":"en-US","@id":"https:\/\/acreto.se\/en\/2025\/02\/04\/internet-in-focus-fair-in-malmo\/#primaryimage","url":"https:\/\/acreto.se\/wp-content\/uploads\/2025\/02\/thumbnail_Image.jpg","contentUrl":"https:\/\/acreto.se\/wp-content\/uploads\/2025\/02\/thumbnail_Image.jpg","width":1170,"height":1192},{"@type":"BreadcrumbList","@id":"https:\/\/acreto.se\/en\/2025\/02\/04\/internet-in-focus-fair-in-malmo\/#breadcrumb","itemListElement":[{"@type":"ListItem","position":1,"name":"Home","item":"https:\/\/acreto.se\/en\/"},{"@type":"ListItem","position":2,"name":"Internet in focus fair in Malm\u00f6"}]},{"@type":"WebSite","@id":"https:\/\/acreto.se\/en\/#website","url":"https:\/\/acreto.se\/en\/","name":"ACRETO | Varum\u00e4rkesbyggande distribut\u00f6r","description":"","potentialAction":[{"@type":"SearchAction","target":{"@type":"EntryPoint","urlTemplate":"https:\/\/acreto.se\/en\/?s={search_term_string}"},"query-input":{"@type":"PropertyValueSpecification","valueRequired":true,"valueName":"search_term_string"}}],"inLanguage":"en-US"},{"@type":"Person","@id":"https:\/\/acreto.se\/en\/#\/schema\/person\/7526c22d37fe7431966826ceafdcb6b8","name":"Melissa Sondell","url":"https:\/\/acreto.se\/en\/author\/9429ad94b9267677\/"}]}},"_links":{"self":[{"href":"https:\/\/acreto.se\/en\/wp-json\/wp\/v2\/posts\/7203","targetHints":{"allow":["GET"]}}],"collection":[{"href":"https:\/\/acreto.se\/en\/wp-json\/wp\/v2\/posts"}],"about":[{"href":"https:\/\/acreto.se\/en\/wp-json\/wp\/v2\/types\/post"}],"author":[{"embeddable":true,"href":"https:\/\/acreto.se\/en\/wp-json\/wp\/v2\/users\/38"}],"replies":[{"embeddable":true,"href":"https:\/\/acreto.se\/en\/wp-json\/wp\/v2\/comments?post=7203"}],"version-history":[{"count":1,"href":"https:\/\/acreto.se\/en\/wp-json\/wp\/v2\/posts\/7203\/revisions"}],"predecessor-version":[{"id":7204,"href":"https:\/\/acreto.se\/en\/wp-json\/wp\/v2\/posts\/7203\/revisions\/7204"}],"wp:featuredmedia":[{"embeddable":true,"href":"https:\/\/acreto.se\/en\/wp-json\/wp\/v2\/media\/7199"}],"wp:attachment":[{"href":"https:\/\/acreto.se\/en\/wp-json\/wp\/v2\/media?parent=7203"}],"wp:term":[{"taxonomy":"category","embeddable":true,"href":"https:\/\/acreto.se\/en\/wp-json\/wp\/v2\/categories?post=7203"},{"taxonomy":"post_tag","embeddable":true,"href":"https:\/\/acreto.se\/en\/wp-json\/wp\/v2\/tags?post=7203"}],"curies":[{"name":"wp","href":"https:\/\/api.w.org\/{rel}","templated":true}]}}